{"id":12205,"date":"2023-05-11T16:04:58","date_gmt":"2023-05-11T16:04:58","guid":{"rendered":"https:\/\/renovaramouraria.pt\/?p=12205"},"modified":"2023-09-25T12:19:16","modified_gmt":"2023-09-25T12:19:16","slug":"ei-educacao-pela-integracao-2","status":"publish","type":"post","link":"https:\/\/renovaramouraria.pt\/pt\/ei-educacao-pela-integracao-2\/","title":{"rendered":"EI! &#8211; Educa\u00e7\u00e3o pela Integra\u00e7\u00e3o"},"content":{"rendered":"\t\t<div data-elementor-type=\"wp-post\" data-elementor-id=\"12205\" class=\"elementor elementor-12205\" data-elementor-post-type=\"post\">\n\t\t\t\t\t\t<section class=\"elementor-section elementor-top-section elementor-element elementor-element-6ebb9c1e elementor-section-full_width elementor-section-height-default elementor-section-height-default qodef-elementor-content-no\" data-id=\"6ebb9c1e\" data-element_type=\"section\" data-e-type=\"section\">\n\t\t\t\t\t\t<div class=\"elementor-container elementor-column-gap-default\">\n\t\t\t\t\t<div class=\"elementor-column elementor-col-100 elementor-top-column elementor-element elementor-element-5a8eab63\" data-id=\"5a8eab63\" data-element_type=\"column\" data-e-type=\"column\">\n\t\t\t<div class=\"elementor-widget-wrap elementor-element-populated\">\n\t\t\t\t\t\t<div class=\"elementor-element elementor-element-7896d9c3 elementor-widget__width-auto elementor-widget elementor-widget-text-editor\" data-id=\"7896d9c3\" data-element_type=\"widget\" data-e-type=\"widget\" data-widget_type=\"text-editor.default\">\n\t\t\t\t<div class=\"elementor-widget-container\">\n\t\t\t\t\t\t\t\t\t<p><span style=\"color: #000000;\"><\/span><\/p>\n<p>\u00a0<\/p>\n<p><br \/><br \/><\/p>\n<p><span style=\"color: #000000;\"><\/span><\/p>\t\t\t\t\t\t\t\t<\/div>\n\t\t\t\t<\/div>\n\t\t\t\t\t<\/div>\n\t\t<\/div>\n\t\t\t\t\t<\/div>\n\t\t<\/section>\n\t\t\t\t<section class=\"elementor-section elementor-top-section elementor-element elementor-element-41deafe elementor-section-boxed elementor-section-height-default elementor-section-height-default qodef-elementor-content-no\" data-id=\"41deafe\" data-element_type=\"section\" data-e-type=\"section\">\n\t\t\t\t\t\t<div class=\"elementor-container elementor-column-gap-default\">\n\t\t\t\t\t<div class=\"elementor-column elementor-col-100 elementor-top-column elementor-element elementor-element-368dd70\" data-id=\"368dd70\" data-element_type=\"column\" data-e-type=\"column\">\n\t\t\t<div class=\"elementor-widget-wrap elementor-element-populated\">\n\t\t\t\t\t\t<div class=\"elementor-element elementor-element-85df5b0 elementor-widget elementor-widget-text-editor\" data-id=\"85df5b0\" data-element_type=\"widget\" data-e-type=\"widget\" data-widget_type=\"text-editor.default\">\n\t\t\t\t<div class=\"elementor-widget-container\">\n\t\t\t\t\t\t\t\t\t<div class=\"\" data-block=\"true\" data-editor=\"fvpk0\" data-offset-key=\"28jvd-0-0\">\n<div class=\"_1mf _1mj\" data-offset-key=\"28jvd-0-0\"><span style=\"color: #000000; font-family: Montserrat;\" data-offset-key=\"28jvd-0-0\">A Educa\u00e7\u00e3o \u00e9 uma das dimens\u00f5es mais importantes da integra\u00e7\u00e3o de crian\u00e7as e jovens imigrantes, mas ser\u00e1 que estamos a fazer o suficiente em Portugal? Em que podemos melhorar?<\/span><\/div>\n<\/div>\n<div class=\"\" data-block=\"true\" data-editor=\"fvpk0\" data-offset-key=\"ehsq-0-0\">\n<div class=\"_1mf _1mj\" data-offset-key=\"ehsq-0-0\"><span style=\"color: #000000; font-family: Montserrat;\" data-offset-key=\"ehsq-0-0\">\u00c9 o que estamos a investigar atrav\u00e9s do <span style=\"font-weight: var( --e-global-typography-text-font-weight ); letter-spacing: -0.02em;\">Estudo Educa\u00e7\u00e3o pela Integra\u00e7\u00e3o: o sistema escolar portugu\u00eas na perspetiva da integra\u00e7\u00e3o de crian\u00e7as e jovens imigrantes NPT residentes em Portugal e requerentes de asilo.\u00a0<\/span><\/span><\/div>\n<div class=\"_1mf _1mj\" data-offset-key=\"ehsq-0-0\"><span style=\"color: #000000; font-family: Montserrat;\" data-offset-key=\"ehsq-0-0\">\u00a0<\/span><\/div>\n<\/div>\n<div class=\"\" data-block=\"true\" data-editor=\"fvpk0\" data-offset-key=\"p7c4-0-0\">\n<div class=\"_1mf _1mj\" data-offset-key=\"p7c4-0-0\"><span style=\"color: #000000; font-family: Montserrat;\" data-offset-key=\"p7c4-0-0\">O EI! \u00e9 composto por dois eixos: a realiza\u00e7\u00e3o de um estudo para refletir sobre o sistema educativo portugu\u00eas na perspetiva da integra\u00e7\u00e3o de crian\u00e7as e jovens imigrantes NPT residentes em Portugal e requerentes de asilo e, tamb\u00e9m, a identifica\u00e7\u00e3o e an\u00e1lise de boas pr\u00e1ticas nacionais e\/ou internacionais na perspetiva da integra\u00e7\u00e3o de crian\u00e7as e jovens imigrantes NPT residentes em Portugal e requerentes de asilo, com enfoque na diversidade lingu\u00edstica e cultural e ensino de portugu\u00eas.<\/span><\/div>\n<div data-offset-key=\"p7c4-0-0\">\u00a0<\/div>\n<\/div>\n<div data-offset-key=\"p7c4-0-0\"><span style=\"color: #000000; font-family: Montserrat;\" data-offset-key=\"12b10-0-0\">*NPT- Nacional de Pa\u00eds Terceiro. Qualquer cidad\u00e3\/cidad\u00e3o nacional de um pa\u00eds que n\u00e3o pertence \u00e0 Uni\u00e3o Europeia.<\/span><\/div>\n<div class=\"\" data-block=\"true\" data-editor=\"fvpk0\" data-offset-key=\"p7c4-0-0\">\n<div data-offset-key=\"p7c4-0-0\">\u00a0<\/div>\n<\/div>\n<div class=\"\" data-block=\"true\" data-editor=\"fvpk0\" data-offset-key=\"aacli-0-0\">\n<div class=\"_1mf _1mj\" data-offset-key=\"aacli-0-0\"><span style=\"color: #000000; font-family: Montserrat;\" data-offset-key=\"aacli-0-0\">\u00a0<\/span><\/div>\n<\/div>\n<div class=\"\" data-block=\"true\" data-editor=\"fvpk0\" data-offset-key=\"egf8a-0-0\">\n<div data-offset-key=\"egf8a-0-0\">\u00a0<\/div>\n<\/div>\n<div class=\"\" data-block=\"true\" data-editor=\"fvpk0\" data-offset-key=\"egf8a-0-0\">\u00a0<\/div>\t\t\t\t\t\t\t\t<\/div>\n\t\t\t\t<\/div>\n\t\t\t\t<div class=\"elementor-element elementor-element-abf126a elementor-widget elementor-widget-image\" data-id=\"abf126a\" data-element_type=\"widget\" data-e-type=\"widget\" data-widget_type=\"image.default\">\n\t\t\t\t<div class=\"elementor-widget-container\">\n\t\t\t\t\t\t\t\t\t\t\t\t\t\t\t<img fetchpriority=\"high\" decoding=\"async\" width=\"940\" height=\"788\" src=\"https:\/\/renovaramouraria.pt\/wp-content\/uploads\/ODS-Projetos.png\" class=\"attachment-large size-large wp-image-12012\" alt=\"ODS\" srcset=\"https:\/\/renovaramouraria.pt\/wp-content\/uploads\/ODS-Projetos.png 940w, https:\/\/renovaramouraria.pt\/wp-content\/uploads\/ODS-Projetos-300x251.png 300w, https:\/\/renovaramouraria.pt\/wp-content\/uploads\/ODS-Projetos-768x644.png 768w, https:\/\/renovaramouraria.pt\/wp-content\/uploads\/ODS-Projetos-600x503.png 600w\" sizes=\"(max-width: 940px) 100vw, 940px\" \/>\t\t\t\t\t\t\t\t\t\t\t\t\t\t\t<\/div>\n\t\t\t\t<\/div>\n\t\t\t\t<div class=\"elementor-element elementor-element-1883780 elementor-widget elementor-widget-text-editor\" data-id=\"1883780\" data-element_type=\"widget\" data-e-type=\"widget\" data-widget_type=\"text-editor.default\">\n\t\t\t\t<div class=\"elementor-widget-container\">\n\t\t\t\t\t\t\t\t\t<div class=\"\" style=\"background-color: #ffffff; letter-spacing: -0.36px;\" data-block=\"true\" data-editor=\"fvpk0\" data-offset-key=\"egf8a-0-0\">\n<div data-offset-key=\"egf8a-0-0\"><span style=\"color: #000000;\"><span style=\"font-weight: bolder;\"><span style=\"font-family: Montserrat;\">Parceiros<\/span><\/span><\/span><\/div>\n<div class=\"_1mf _1mj\" data-offset-key=\"egf8a-0-0\"><span style=\"color: #000000; font-family: Montserrat;\">Promovido pela Associa\u00e7\u00e3o Renovar a Mouraria em\u00a0parceria com a Funda\u00e7\u00e3o Cidade de Lisboa, o Instituto de Educa\u00e7\u00e3o da Universidade de Lisboa e o IGOT.<\/span><\/div>\n<div data-offset-key=\"egf8a-0-0\">\u00a0<\/div>\n<\/div>\n<div style=\"background-color: #ffffff; letter-spacing: -0.36px;\" data-offset-key=\"egf8a-0-0\"><span style=\"color: #000000;\"><span style=\"font-weight: bolder;\"><span style=\"font-family: Montserrat;\">Per\u00edodo de Implementa\u00e7\u00e3o\u00a0<\/span><\/span><\/span><\/div>\n<div class=\"\" style=\"background-color: #ffffff; letter-spacing: -0.36px;\" data-block=\"true\" data-editor=\"fvpk0\" data-offset-key=\"egf8a-0-0\">\n<div data-offset-key=\"egf8a-0-0\"><span style=\"font-family: Montserrat;\">De 1 de setembro de 2021 a 31 de dezembro de 2022.\u00a0<\/span><\/div>\n<div data-offset-key=\"egf8a-0-0\">\u00a0<\/div>\n<div class=\"_1mf _1mj\" data-offset-key=\"egf8a-0-0\"><span style=\"color: #000000;\"><span style=\"font-weight: bolder;\"><span style=\"font-family: Montserrat;\">Financiamento<\/span><\/span><\/span><\/div>\n<div class=\"_1mf _1mj\" data-offset-key=\"egf8a-0-0\"><span style=\"color: #000000; font-family: Montserrat;\">FAMI &#8211; Fundo para o Asilo, a Migra\u00e7\u00e3o e a Integra\u00e7\u00e3o, com compartida do Or\u00e7amento de Estado.<\/span><\/div>\n<\/div>\t\t\t\t\t\t\t\t<\/div>\n\t\t\t\t<\/div>\n\t\t\t\t\t<\/div>\n\t\t<\/div>\n\t\t\t\t\t<\/div>\n\t\t<\/section>\n\t\t\t\t<\/div>\n\t\t","protected":false},"excerpt":{"rendered":"<p>Tellus integer feugiat scelerisque varius. Sit amet volutpat consequat mauris nunc congue nisi. At ultrices mi tempus imperdiet nulla malesuada pellentesque. Netus et malesuada fames ac turpis egestas sed. Morbi blandit cursus risus at. Pulvinar etiam non quam lacus. A erat nam at lectus urna duis. Sit amet cursus sit amet. Duis at tellus at urna condimentum. Gravida quis blandit turpis cursus in hac, a sit amet. Aliquet eget sit amet tellus cras. Pharetra massa massa ultricies mi quis. Gravida arcu ac tortor dignissim convallis.<\/p>\n","protected":false},"author":2,"featured_media":0,"comment_status":"open","ping_status":"open","sticky":false,"template":"","format":"standard","meta":{"footnotes":""},"categories":[100],"tags":[],"class_list":["post-12205","post","type-post","status-publish","format-standard","hentry","category-projetos-concluidos"],"_links":{"self":[{"href":"https:\/\/renovaramouraria.pt\/pt\/wp-json\/wp\/v2\/posts\/12205","targetHints":{"allow":["GET"]}}],"collection":[{"href":"https:\/\/renovaramouraria.pt\/pt\/wp-json\/wp\/v2\/posts"}],"about":[{"href":"https:\/\/renovaramouraria.pt\/pt\/wp-json\/wp\/v2\/types\/post"}],"author":[{"embeddable":true,"href":"https:\/\/renovaramouraria.pt\/pt\/wp-json\/wp\/v2\/users\/2"}],"replies":[{"embeddable":true,"href":"https:\/\/renovaramouraria.pt\/pt\/wp-json\/wp\/v2\/comments?post=12205"}],"version-history":[{"count":0,"href":"https:\/\/renovaramouraria.pt\/pt\/wp-json\/wp\/v2\/posts\/12205\/revisions"}],"wp:attachment":[{"href":"https:\/\/renovaramouraria.pt\/pt\/wp-json\/wp\/v2\/media?parent=12205"}],"wp:term":[{"taxonomy":"category","embeddable":true,"href":"https:\/\/renovaramouraria.pt\/pt\/wp-json\/wp\/v2\/categories?post=12205"},{"taxonomy":"post_tag","embeddable":true,"href":"https:\/\/renovaramouraria.pt\/pt\/wp-json\/wp\/v2\/tags?post=12205"}],"curies":[{"name":"wp","href":"https:\/\/api.w.org\/{rel}","templated":true}]}}